{"id":1605,"date":"2016-12-19T16:32:32","date_gmt":"2016-12-19T15:32:32","guid":{"rendered":"http:\/\/istressporthalterophilie.fr\/?p=1605"},"modified":"2016-12-20T14:33:45","modified_gmt":"2016-12-20T13:33:45","slug":"1er-tour-coupe-de-france-clubs","status":"publish","type":"post","link":"https:\/\/istressporthalterophilie.fr\/index.php\/2016\/12\/19\/1er-tour-coupe-de-france-clubs\/","title":{"rendered":"1er tour de la Coupe de France des Clubs &#8211; Jeunes et S\u00e9niors mixte"},"content":{"rendered":"<p><img data-recalc-dims=\"1\" loading=\"lazy\" decoding=\"async\" class=\"ngg-singlepic ngg-left alignleft\" src=\"https:\/\/i0.wp.com\/istressporthalterophilie.fr\/wp-content\/gallery\/16-12-17-1er-tour-coupe-de-france\/GBP4116.JPG?resize=368%2C246\" alt=\"_GBP4116\" width=\"368\" height=\"246\" \/>Zoom sur le 1er tour de la Coupe de France des clubs (secteur PACA &#8211; C) qui s&rsquo;est d\u00e9roul\u00e9 ce week-end, samedi 17 d\u00e9cembre 2016, \u00e0 Monteux.<\/p>\n<p>Seul le club organisateur, l&rsquo;EEAR Monteux, pr\u00e9sentait une \u00e9quipe Minimes et une \u00e9quipe Cadets gar\u00e7ons.<br \/>\nChez les Juniors gar\u00e7ons, 4\u00a0\u00e9quipes se sont affront\u00e9es : Sainte Tulle, Avignon-Sorgues, Monteux et Istres. Notre jeune \u00e9quipe d&rsquo;Istres Sport \u00e9tait emmen\u00e9e par Jean Bizot, Yanis Bouza\u00efdi et Kyllian Le Dieu. Pour ces deux derniers, c&rsquo;\u00e9tait une belle premi\u00e8re ! Nos 3 athl\u00e8tes ont totalis\u00e9 409 points, ce qui les place en 4\u00e8me position. C\u00f4t\u00e9 r\u00e9sultats, ils enregistrent respectivement 53 kg, 40 kg et 15 kg \u00e0 l&rsquo;arrach\u00e9, et 60 kg, 50 kg et 27 kg \u00e0 l&rsquo;\u00e9paul\u00e9-jet\u00e9.<\/p>\n<p>Chez les cadettes-juniors f\u00e9minines, les \u00e9quipes d&rsquo;Istres et de Monteux s&rsquo;affrontaient, avec chacune dans leur rang une individualit\u00e9 class\u00e9e Internationale. C&rsquo;est l&rsquo;\u00e9quipe f\u00e9minine de Monteux qui l&#8217;emporte avec 396 points face \u00e0 notre \u00e9quipe istr\u00e9enne (309 pts) compos\u00e9e de Clara De Barros, Clara Pribilski et Alicia Perinaud-Salard.<br \/>\nClara De Barros a enregistr\u00e9 deux belles performances, et se classe Internationale A dans sa cat\u00e9gorie Cadette1 48kg\u00a0: 40 kg \u00e0 l&rsquo;arrach\u00e9 et 55 kg \u00e0 l&rsquo;\u00e9paul\u00e9-jet\u00e9. Ceci nous laisse esp\u00e9rer de tr\u00e8s beaux r\u00e9sultats pour elle en 2017 ! Nos 2 autres athl\u00e8tes ont valid\u00e9 respectivement 20 kg et 18 kg \u00e0 l&rsquo;arrach\u00e9, puis 32 kg et 25 kg \u00e0 l&rsquo;\u00e9paul\u00e9-jet\u00e9.<\/p>\n<p><img data-recalc-dims=\"1\" loading=\"lazy\" decoding=\"async\" class=\"ngg-singlepic ngg-left alignright\" src=\"https:\/\/i0.wp.com\/istressporthalterophilie.fr\/wp-content\/gallery\/16-12-17-1er-tour-coupe-de-france\/GBP4237.JPG?resize=379%2C253\" alt=\"_GBP4237\" width=\"379\" height=\"253\" \/>Enfin, chez les S\u00e9niors mixte, la victoire revient au club d&rsquo;Istres Sport (avec 1127 points), devant l&rsquo;\u00e9quipe de Monteux (1046 points). Notre \u00e9quipe mixte \u00e9tait emmen\u00e9e par Fabienne Cond\u00e9, Laura Castellani, Erwan Wajda, Daniel De Barros et Anthony Claux.<br \/>\nNos 2 f\u00e9minines, qui ont d\u00e9but\u00e9 la comp\u00e9tition par un sans-faute \u00e0 l&rsquo;arrach\u00e9, ont valid\u00e9 55 kg (Laura) et 60 kg (Fabienne). A l&rsquo;\u00e9paul\u00e9-jet\u00e9, Laura r\u00e9alise 70 kg (\u00e9chec \u00e0 73 kg), et Fabienne 79 kg (\u00e9chec \u00e0 81 kg).<br \/>\nPour nos gar\u00e7ons, Erwan a valid\u00e9 sur les 2 mouvements 54 kg et 67 kg (2 \u00e9checs \u00e0 73 kg).\u00a0Anthony, qui n&rsquo;\u00e9tait pas sa meilleure forme ce jour-l\u00e0, totalise 220 points : 100 kg \u00e0 l&rsquo;arrach\u00e9 et 120 kg \u00e0 l&rsquo;\u00e9paul\u00e9-jet\u00e9 (2 \u00e9checs \u00e0 125 kg).\u00a0Daniel a enregistr\u00e9 les meilleures barres de l&rsquo;\u00e9quipe avec, sur les 2 mouvements, 105 kg et 130 kg.<\/p>\n<p>Au classement national :<br \/>\n&#8211; l&rsquo;\u00e9quipe juniors gar\u00e7ons 56\u00e8me\/61<br \/>\n&#8211; l&rsquo;\u00e9quipe f\u00e9minine (cadettes\/juniors) 29\u00e8me\/36<br \/>\n&#8211; l&rsquo;\u00e9quipe s\u00e9niors mixte 19\u00e8me\/84<br \/>\nCes deux derni\u00e8res sont qualifi\u00e9es pour le 2\u00e8me tour qui aura lieu le 28 janvier 2017 \u00e0 Monteux.<\/p>\n<p>&nbsp;<\/p>\n<p>Maintenant, place au repos&#8230; et \u00e0 la gourmandise !<\/p>\n<p>Istres Sport Halt\u00e9rophilie vous souhaite \u00e0 toutes et tous de tr\u00e8s bonnes f\u00eates de fin d&rsquo;ann\u00e9e !!<\/p>\n<p>&nbsp;<\/p>\nngg_shortcode_0_placeholder\n","protected":false},"excerpt":{"rendered":"<p>Zoom sur le 1er tour de la Coupe de France des clubs (secteur PACA &#8211; C) qui s&rsquo;est d\u00e9roul\u00e9 ce week-end, samedi 17 d\u00e9cembre 2016, \u00e0 Monteux. Seul le club organisateur, l&rsquo;EEAR Monteux, pr\u00e9sentait une \u00e9quipe Minimes et une \u00e9quipe Cadets gar\u00e7ons. Chez les Juniors gar\u00e7ons, 4\u00a0\u00e9quipes se sont affront\u00e9es : Sainte Tulle, Avignon-Sorgues, Monteux<\/p>\n<p><a href=\"https:\/\/istressporthalterophilie.fr\/index.php\/2016\/12\/19\/1er-tour-coupe-de-france-clubs\/\" class=\"more-link themebutton\">Read More<\/a><\/p>\n","protected":false},"author":3,"featured_media":1654,"comment_status":"open","ping_status":"closed","sticky":false,"template":"","format":"standard","meta":{"ngg_post_thumbnail":0,"jetpack_post_was_ever_published":false,"_jetpack_newsletter_access":"","_jetpack_dont_email_post_to_subs":true,"_jetpack_newsletter_tier_id":0,"_jetpack_memberships_contains_paywalled_content":false,"_jetpack_memberships_contains_paid_content":false,"footnotes":"","jetpack_publicize_message":"","jetpack_publicize_feature_enabled":true,"jetpack_social_post_already_shared":true,"jetpack_social_options":{"image_generator_settings":{"template":"highway","default_image_id":0,"font":"","enabled":false},"version":2}},"categories":[3],"tags":[23,10,12,16,24,21,13],"class_list":["post-1605","post","type-post","status-publish","format-standard","has-post-thumbnail","hentry","category-resultats","tag-coupe-de-france-des-clubs","tag-equipe","tag-halterophilie","tag-istres","tag-mixte","tag-monteux","tag-resultats"],"jetpack_publicize_connections":[],"jetpack_featured_media_url":"https:\/\/i0.wp.com\/istressporthalterophilie.fr\/wp-content\/uploads\/ngg_featured\/GBP4079.JPG?fit=1600%2C1068&ssl=1","jetpack_sharing_enabled":true,"jetpack_shortlink":"https:\/\/wp.me\/p6VFVS-pT","jetpack-related-posts":[{"id":1407,"url":"https:\/\/istressporthalterophilie.fr\/index.php\/2016\/10\/30\/1er-tour-regional-par-equipe\/","url_meta":{"origin":1605,"position":0},"title":"1er tour Championnat R\u00e9gional par \u00e9quipe","author":"daniel","date":"30 octobre 2016","format":false,"excerpt":"Le club d\u2019Istres Sport Halt\u00e9rophilie s\u2019est d\u00e9plac\u00e9 ce samedi 29 octobre 2016 \u00e0 Monteux (Vaucluse) pour le 1er tour r\u00e9gional par \u00e9quipe f\u00e9minin et masculin. Sur le plateau f\u00e9minin, qui a ouvert la comp\u00e9tition \u00e0 14h30, se sont affront\u00e9s les clubs de l\u2019EEAR Monteux (club organisateur), le club avignonnais Team\u2026","rel":"","context":"Dans &quot;Resultats&quot;","block_context":{"text":"Resultats","link":"https:\/\/istressporthalterophilie.fr\/index.php\/category\/resultats\/"},"img":{"alt_text":"","src":"https:\/\/i0.wp.com\/istressporthalterophilie.fr\/wp-content\/uploads\/ngg_featured\/29102016-_DSC7623.jpg?fit=1200%2C801&ssl=1&resize=350%2C200","width":350,"height":200,"srcset":"https:\/\/i0.wp.com\/istressporthalterophilie.fr\/wp-content\/uploads\/ngg_featured\/29102016-_DSC7623.jpg?fit=1200%2C801&ssl=1&resize=350%2C200 1x, https:\/\/i0.wp.com\/istressporthalterophilie.fr\/wp-content\/uploads\/ngg_featured\/29102016-_DSC7623.jpg?fit=1200%2C801&ssl=1&resize=525%2C300 1.5x, https:\/\/i0.wp.com\/istressporthalterophilie.fr\/wp-content\/uploads\/ngg_featured\/29102016-_DSC7623.jpg?fit=1200%2C801&ssl=1&resize=700%2C400 2x, https:\/\/i0.wp.com\/istressporthalterophilie.fr\/wp-content\/uploads\/ngg_featured\/29102016-_DSC7623.jpg?fit=1200%2C801&ssl=1&resize=1050%2C600 3x"},"classes":[]},{"id":1719,"url":"https:\/\/istressporthalterophilie.fr\/index.php\/2017\/02\/01\/2eme-tour-de-la-coupe-de-france\/","url_meta":{"origin":1605,"position":1},"title":"2\u00e8me tour de la Coupe de France &#8211; Equipe mixte","author":"daniel","date":"1 f\u00e9vrier 2017","format":false,"excerpt":"C'est \u00e0 Monteux que s'est d\u00e9roul\u00e9 le 2\u00e8me tour de la coupe de France d'halt\u00e9rophilie samedi 28 et dimanche 29 janvier 2017. Samedi ce sont les \u00e9quipes minimes, cadets et juniors qui se sont rencontr\u00e9es. Pour la ligue PACA : une \u00e9quipe cadette (ASLDD Toulon), une \u00e9quipe cadet (EEAR Monteux)\u2026","rel":"","context":"Dans &quot;Resultats&quot;","block_context":{"text":"Resultats","link":"https:\/\/istressporthalterophilie.fr\/index.php\/category\/resultats\/"},"img":{"alt_text":"","src":"https:\/\/i0.wp.com\/istressporthalterophilie.fr\/wp-content\/uploads\/ngg_featured\/IMG_9282.JPG?fit=1200%2C800&ssl=1&resize=350%2C200","width":350,"height":200,"srcset":"https:\/\/i0.wp.com\/istressporthalterophilie.fr\/wp-content\/uploads\/ngg_featured\/IMG_9282.JPG?fit=1200%2C800&ssl=1&resize=350%2C200 1x, https:\/\/i0.wp.com\/istressporthalterophilie.fr\/wp-content\/uploads\/ngg_featured\/IMG_9282.JPG?fit=1200%2C800&ssl=1&resize=525%2C300 1.5x, https:\/\/i0.wp.com\/istressporthalterophilie.fr\/wp-content\/uploads\/ngg_featured\/IMG_9282.JPG?fit=1200%2C800&ssl=1&resize=700%2C400 2x, https:\/\/i0.wp.com\/istressporthalterophilie.fr\/wp-content\/uploads\/ngg_featured\/IMG_9282.JPG?fit=1200%2C800&ssl=1&resize=1050%2C600 3x"},"classes":[]},{"id":681,"url":"https:\/\/istressporthalterophilie.fr\/index.php\/2015\/11\/28\/challenge-dautomne-2015-a-istres\/","url_meta":{"origin":1605,"position":2},"title":"Challenge d&rsquo;automne 2015 \u00e0 Istres","author":"daniel","date":"28 novembre 2015","format":false,"excerpt":"Samedi 28 Novembre 2015 \u00a0se d\u00e9roulait \u00e0 Istres le challenge d\u2019automne. Le club d\u2019Istres \u00e9tait repr\u00e9sent\u00e9 par 22 athl\u00e8tes de 11 \u00e0 75 ans et recevait les clubs de Monteux, Mondragon, Marseille, Noves, P\u00e9lissanne, Sorgues et St Tulles. \u00a0Dans l\u2019ordre des plateaux, Clara DE BARROS se classe f\u00e9d\u00e9ral chez les\u2026","rel":"","context":"Dans &quot;Resultats&quot;","block_context":{"text":"Resultats","link":"https:\/\/istressporthalterophilie.fr\/index.php\/category\/resultats\/"},"img":{"alt_text":"","src":"","width":0,"height":0},"classes":[]},{"id":1602,"url":"https:\/\/istressporthalterophilie.fr\/index.php\/2016\/12\/06\/2eme-tour-du-championnat-regional\/","url_meta":{"origin":1605,"position":3},"title":"2\u00e8me tour du Championnat R\u00e9gional","author":"Laura Castellani","date":"6 d\u00e9cembre 2016","format":false,"excerpt":"Nous \u00e9tions ce week-end \u00e0\u00a0Avignon, pour le\u00a02e tour du Championnat R\u00e9gional\u00a0des Clubs\u00a0f\u00e9minin et masculin.\u00a0La comp\u00e9tition s'est d\u00e9roul\u00e9e ce samedi 3 d\u00e9cembre 2016 dans la salle de\u00a0CrossFit Avignon. Le premier plateau, f\u00e9minin, compos\u00e9 des \u00e9quipes Team Haltero Lift 84 (club organisateur) et\u00a0Istres Sport Halt\u00e9rophilie, a d\u00e9but\u00e9 \u00e0 14h30. Le club de\u2026","rel":"","context":"Dans &quot;Resultats&quot;","block_context":{"text":"Resultats","link":"https:\/\/istressporthalterophilie.fr\/index.php\/category\/resultats\/"},"img":{"alt_text":"","src":"https:\/\/i0.wp.com\/istressporthalterophilie.fr\/wp-content\/uploads\/ngg_featured\/GBP3585.JPG?fit=1200%2C801&ssl=1&resize=350%2C200","width":350,"height":200,"srcset":"https:\/\/i0.wp.com\/istressporthalterophilie.fr\/wp-content\/uploads\/ngg_featured\/GBP3585.JPG?fit=1200%2C801&ssl=1&resize=350%2C200 1x, https:\/\/i0.wp.com\/istressporthalterophilie.fr\/wp-content\/uploads\/ngg_featured\/GBP3585.JPG?fit=1200%2C801&ssl=1&resize=525%2C300 1.5x, https:\/\/i0.wp.com\/istressporthalterophilie.fr\/wp-content\/uploads\/ngg_featured\/GBP3585.JPG?fit=1200%2C801&ssl=1&resize=700%2C400 2x, https:\/\/i0.wp.com\/istressporthalterophilie.fr\/wp-content\/uploads\/ngg_featured\/GBP3585.JPG?fit=1200%2C801&ssl=1&resize=1050%2C600 3x"},"classes":[]},{"id":1425,"url":"https:\/\/istressporthalterophilie.fr\/index.php\/2016\/11\/14\/championnat-regional-automne\/","url_meta":{"origin":1605,"position":4},"title":"Championnat r\u00e9gional d&rsquo;automne","author":"daniel","date":"14 novembre 2016","format":false,"excerpt":"Ce week-end, les 12 et 13 novembre 2016, a eu lieu le championnat r\u00e9gional d'automne \u00e0 Toulon (Var), organis\u00e9 par le club ASLDD (Association Sportive du Lyc\u00e9e Dumont D'Urville). Il s'agissait de la premi\u00e8re comp\u00e9tition de la saison 2016-2017\u00a0qualificative pour les Championnats de France d'Halt\u00e9rophilie qui auront lieu en mai\/juin\u2026","rel":"","context":"Dans &quot;Resultats&quot;","block_context":{"text":"Resultats","link":"https:\/\/istressporthalterophilie.fr\/index.php\/category\/resultats\/"},"img":{"alt_text":"","src":"https:\/\/i0.wp.com\/istressporthalterophilie.fr\/wp-content\/uploads\/ngg_featured\/IMG_8677.JPG?fit=1200%2C800&ssl=1&resize=350%2C200","width":350,"height":200,"srcset":"https:\/\/i0.wp.com\/istressporthalterophilie.fr\/wp-content\/uploads\/ngg_featured\/IMG_8677.JPG?fit=1200%2C800&ssl=1&resize=350%2C200 1x, https:\/\/i0.wp.com\/istressporthalterophilie.fr\/wp-content\/uploads\/ngg_featured\/IMG_8677.JPG?fit=1200%2C800&ssl=1&resize=525%2C300 1.5x, https:\/\/i0.wp.com\/istressporthalterophilie.fr\/wp-content\/uploads\/ngg_featured\/IMG_8677.JPG?fit=1200%2C800&ssl=1&resize=700%2C400 2x, https:\/\/i0.wp.com\/istressporthalterophilie.fr\/wp-content\/uploads\/ngg_featured\/IMG_8677.JPG?fit=1200%2C800&ssl=1&resize=1050%2C600 3x"},"classes":[]},{"id":2610,"url":"https:\/\/istressporthalterophilie.fr\/index.php\/2018\/02\/26\/resultats-individuels-et-equipe-fevrier2018\/","url_meta":{"origin":1605,"position":5},"title":"Retour sur les derniers r\u00e9sultats du Club : janvier et f\u00e9vrier 2018","author":"Laura Castellani","date":"26 f\u00e9vrier 2018","format":false,"excerpt":"Ces deux derniers mois ont \u00e9t\u00e9 rythm\u00e9s par de nombreuses comp\u00e9titions. Apr\u00e8s le 4e tour du Championnat R\u00e9gional par \u00e9quipe qui s'est sold\u00e9 par deux victoires, f\u00e9minine et masculine (lire l'article), nos athl\u00e8tes istr\u00e9ens ont encha\u00een\u00e9 plusieurs comp\u00e9titions.\u00a0 Le dimanche 28 janvier \u00e0 Aubagne avait lieu la premi\u00e8re \u00e9preuve \u00e9liminatoire\u2026","rel":"","context":"Dans &quot;Resultats&quot;","block_context":{"text":"Resultats","link":"https:\/\/istressporthalterophilie.fr\/index.php\/category\/resultats\/"},"img":{"alt_text":"","src":"https:\/\/i0.wp.com\/istressporthalterophilie.fr\/wp-content\/uploads\/ngg_featured\/IMG_5011.JPG?fit=1200%2C800&ssl=1&resize=350%2C200","width":350,"height":200,"srcset":"https:\/\/i0.wp.com\/istressporthalterophilie.fr\/wp-content\/uploads\/ngg_featured\/IMG_5011.JPG?fit=1200%2C800&ssl=1&resize=350%2C200 1x, https:\/\/i0.wp.com\/istressporthalterophilie.fr\/wp-content\/uploads\/ngg_featured\/IMG_5011.JPG?fit=1200%2C800&ssl=1&resize=525%2C300 1.5x, https:\/\/i0.wp.com\/istressporthalterophilie.fr\/wp-content\/uploads\/ngg_featured\/IMG_5011.JPG?fit=1200%2C800&ssl=1&resize=700%2C400 2x, https:\/\/i0.wp.com\/istressporthalterophilie.fr\/wp-content\/uploads\/ngg_featured\/IMG_5011.JPG?fit=1200%2C800&ssl=1&resize=1050%2C600 3x"},"classes":[]}],"jetpack_likes_enabled":true,"_links":{"self":[{"href":"https:\/\/istressporthalterophilie.fr\/index.php\/wp-json\/wp\/v2\/posts\/1605","targetHints":{"allow":["GET"]}}],"collection":[{"href":"https:\/\/istressporthalterophilie.fr\/index.php\/wp-json\/wp\/v2\/posts"}],"about":[{"href":"https:\/\/istressporthalterophilie.fr\/index.php\/wp-json\/wp\/v2\/types\/post"}],"author":[{"embeddable":true,"href":"https:\/\/istressporthalterophilie.fr\/index.php\/wp-json\/wp\/v2\/users\/3"}],"replies":[{"embeddable":true,"href":"https:\/\/istressporthalterophilie.fr\/index.php\/wp-json\/wp\/v2\/comments?post=1605"}],"version-history":[{"count":8,"href":"https:\/\/istressporthalterophilie.fr\/index.php\/wp-json\/wp\/v2\/posts\/1605\/revisions"}],"predecessor-version":[{"id":1658,"href":"https:\/\/istressporthalterophilie.fr\/index.php\/wp-json\/wp\/v2\/posts\/1605\/revisions\/1658"}],"wp:featuredmedia":[{"embeddable":true,"href":"https:\/\/istressporthalterophilie.fr\/index.php\/wp-json\/wp\/v2\/media\/1654"}],"wp:attachment":[{"href":"https:\/\/istressporthalterophilie.fr\/index.php\/wp-json\/wp\/v2\/media?parent=1605"}],"wp:term":[{"taxonomy":"category","embeddable":true,"href":"https:\/\/istressporthalterophilie.fr\/index.php\/wp-json\/wp\/v2\/categories?post=1605"},{"taxonomy":"post_tag","embeddable":true,"href":"https:\/\/istressporthalterophilie.fr\/index.php\/wp-json\/wp\/v2\/tags?post=1605"}],"curies":[{"name":"wp","href":"https:\/\/api.w.org\/{rel}","templated":true}]}}