{"id":1781,"date":"2017-03-08T15:32:43","date_gmt":"2017-03-08T14:32:43","guid":{"rendered":"http:\/\/istressporthalterophilie.fr\/?p=1781"},"modified":"2017-03-16T23:52:38","modified_gmt":"2017-03-16T22:52:38","slug":"4eme-tour-du-championnat-de-france-n2-par-equipe","status":"publish","type":"post","link":"https:\/\/istressporthalterophilie.fr\/index.php\/2017\/03\/08\/4eme-tour-du-championnat-de-france-n2-par-equipe\/","title":{"rendered":"4\u00e8me tour du Championnat de France N2 par \u00e9quipe"},"content":{"rendered":"<p><img data-recalc-dims=\"1\" loading=\"lazy\" decoding=\"async\" class=\"ngg-singlepic ngg-left alignleft\" src=\"https:\/\/i0.wp.com\/istressporthalterophilie.fr\/wp-content\/gallery\/championnat-regional-dautomne\/IMG_8721.JPG?resize=260%2C390\" alt=\"IMG_8721\" width=\"260\" height=\"390\">Samedi 25 f\u00e9vrier s&rsquo;est d\u00e9roul\u00e9&nbsp;le <strong>4\u00e8me tour du championnat de France National 1 Femmes et National 2 Hommes<\/strong>. Vaulx en Velin recevait Villeneuve Loubet, Toulouse (N1) et notre club d&rsquo;Istres Sport.<\/p>\n<p>Notre \u00e9quipe masculine \u00e9tait cette fois-ci compos\u00e9e de : Daniel De Barros, Anthony Claux, Guillaume Bonici, Matthew Gnerucci et Edouard Hardouin. Bruno Dimanche, bien que pr\u00e9sent \u00e0 la comp\u00e9tition, n&rsquo;a pas pu participer pour cause de blessure.<\/p>\n<p>Un \u00e9v\u00e9nement malheureux a secou\u00e9 la comp\u00e9tition : Anthony Claux s&rsquo;est bless\u00e9 au coude sur sa 3e barre \u00e0 l&rsquo;arrach\u00e9 (113 kg) et n&rsquo;a pas pu monter sur le plateau de l&rsquo;\u00e9paul\u00e9-j\u00e9t\u00e9.<\/p>\n<p>Avec un total de 1033 points, Istres se classe 3\u00e8me derri\u00e8re Villeneuve Loubet (1340) et Vaulx en Velin (1315).<\/p>\n<p><strong>\u00c0 l\u2019arrach\u00e9<\/strong>&nbsp;Edouard \u00e9choue sur sa derni\u00e8re barre \u00e0 60 kg et valide 55 kg. Guillaume, qui revient doucement de blessure, se contente de 75&nbsp;kg avec un \u00e9chec \u00e0 80 kg. Matthew, lui, r\u00e9ussit sa derni\u00e8re barre \u00e0 80 kg. Daniel ma\u00eetrise ses 3 barres dont la derni\u00e8re \u00e0 103 kg. Anthony nous r\u00e9gale en validant ses deux premi\u00e8res barres charg\u00e9es \u00e0 107 et 110 kg. Malheureusement, il \u00e9choue et se blesse \u00e0 113&nbsp;kg malgr\u00e9 une belle ma\u00eetrise et une assurance certaine, barre qui lui aurait valu son record personnel. On esp\u00e8re le voir revenir rapidement \u00e0 l&rsquo;entra\u00eenement. Courage Tony !<\/p>\n<p>Difficile \u00e0 nos athl\u00e8tes de se remettre dans la comp\u00e9tition suite \u00e0 l&rsquo;accident d&rsquo;Anthony&#8230;<strong> \u00c0 l\u2019\u00e9paul\u00e9 jet\u00e9<\/strong>, Edouard, Guillaume, Matthew et Daniel ont valid\u00e9 respectivement : 70, 100, 95 et 125 kg.<\/p>\n<p>&nbsp;<\/p>\n<p>Un mot sur la derni\u00e8re comp\u00e9tition en \u00e9quipe de nos f\u00e9minines, qui s&rsquo;est d\u00e9roul\u00e9e le 12 f\u00e9vrier dernier \u00e0 Noves. Cette 3e journ\u00e9e de comp\u00e9tition s&rsquo;est tenue hors d\u00e9lai selon le comit\u00e9 ; il aurait fallu qu&rsquo;elle ait lieu au&nbsp;plus tard le 5 f\u00e9vrier pour pouvoir permettre l&rsquo;accession des \u00e9quipes r\u00e9gionales (PACA) en N2 la saison prochaine. Les r\u00e9sultats des \u00e9quipes de notre r\u00e9gion, qui sont notons-le parmi les meilleurs de France (+ de 700 points pour l&rsquo;AS Monaco), se voient donc rejet\u00e9s&nbsp;du classement national ! C&rsquo;est avec une certaine amertume que nous&nbsp;devons nous plier&nbsp;\u00e0 cette d\u00e9cision.<\/p>\n<p>&nbsp;<\/p>\n<p>Nous avons h\u00e2te de vous recevoir \u00e0 <strong>Istres<\/strong> les <strong>11 et 12 mars <\/strong>pour le <strong>Championnat R\u00e9gional PACA<\/strong>, avant-derni\u00e8re date pour la qualification aux Championnats de France.<\/p>\n<p>Plus d&rsquo;informations <a href=\"http:\/\/istressporthalterophilie.fr\/index.php\/championnat-regional-paca-2017\/\">ici<\/a> et&nbsp;sur la&nbsp;page Facebook de l&rsquo;<a href=\"https:\/\/www.facebook.com\/events\/274743482956895\/\" target=\"_blank\">\u00e9v\u00e9nement<\/a>.<\/p>\n","protected":false},"excerpt":{"rendered":"<p>Samedi 25 f\u00e9vrier s&rsquo;est d\u00e9roul\u00e9&nbsp;le 4\u00e8me tour du championnat de France National 1 Femmes et National 2 Hommes. Vaulx en Velin recevait Villeneuve Loubet, Toulouse (N1) et notre club d&rsquo;Istres Sport. Notre \u00e9quipe masculine \u00e9tait cette fois-ci compos\u00e9e de : Daniel De Barros, Anthony Claux, Guillaume Bonici, Matthew Gnerucci et Edouard Hardouin. Bruno Dimanche, bien<\/p>\n<p><a href=\"https:\/\/istressporthalterophilie.fr\/index.php\/2017\/03\/08\/4eme-tour-du-championnat-de-france-n2-par-equipe\/\" class=\"more-link themebutton\">Read More<\/a><\/p>\n","protected":false},"author":3,"featured_media":1875,"comment_status":"open","ping_status":"closed","sticky":false,"template":"","format":"standard","meta":{"ngg_post_thumbnail":0,"jetpack_post_was_ever_published":false,"_jetpack_newsletter_access":"","_jetpack_dont_email_post_to_subs":false,"_jetpack_newsletter_tier_id":0,"_jetpack_memberships_contains_paywalled_content":false,"_jetpack_memberships_contains_paid_content":false,"footnotes":"","jetpack_publicize_message":"","jetpack_publicize_feature_enabled":true,"jetpack_social_post_already_shared":true,"jetpack_social_options":{"image_generator_settings":{"template":"highway","default_image_id":0,"font":"","enabled":false},"version":2}},"categories":[3],"tags":[28,10,12,9,16,8,13,26,27],"class_list":["post-1781","post","type-post","status-publish","format-standard","has-post-thumbnail","hentry","category-resultats","tag-competition","tag-equipe","tag-halterophilie","tag-hommes","tag-istres","tag-nationale-2","tag-resultats","tag-vaulx-en-velin","tag-villeneuve-loubet"],"jetpack_publicize_connections":[],"jetpack_featured_media_url":"https:\/\/i0.wp.com\/istressporthalterophilie.fr\/wp-content\/uploads\/ngg_featured\/IMG_9171.JPG?fit=1600%2C1067&ssl=1","jetpack_sharing_enabled":true,"jetpack_shortlink":"https:\/\/wp.me\/p6VFVS-sJ","jetpack-related-posts":[{"id":3021,"url":"https:\/\/istressporthalterophilie.fr\/index.php\/2019\/02\/14\/final-du-championnat-regional-des-clubs\/","url_meta":{"origin":1781,"position":0},"title":"Final du championnat r\u00e9gional des clubs","author":"daniel","date":"14 f\u00e9vrier 2019","format":false,"excerpt":"Dimanche 10 f\u00e9vrier \u00e0 Menton s\u2019est d\u00e9roul\u00e9e la finale du championnat r\u00e9gional des clubs. Cette comp\u00e9tition vient clore la saison par \u00e9quipes 2018\/2019. La journ\u00e9e a d\u00e9marr\u00e9 avec l\u2019\u00e9quipe fille compos\u00e9e de Clara, Maeva, Fabienne et Genevi\u00e8ve. La blessure de Maeva l\u2019emp\u00eache de valider une barre \u00e0 l\u2019arrach\u00e9 et l\u2019\u00e9quipe\u2026","rel":"","context":"Dans &quot;News&quot;","block_context":{"text":"News","link":"https:\/\/istressporthalterophilie.fr\/index.php\/category\/news\/"},"img":{"alt_text":"","src":"https:\/\/i0.wp.com\/istressporthalterophilie.fr\/wp-content\/uploads\/2019\/02\/IMG_4705.JPG?fit=1200%2C900&ssl=1&resize=350%2C200","width":350,"height":200,"srcset":"https:\/\/i0.wp.com\/istressporthalterophilie.fr\/wp-content\/uploads\/2019\/02\/IMG_4705.JPG?fit=1200%2C900&ssl=1&resize=350%2C200 1x, https:\/\/i0.wp.com\/istressporthalterophilie.fr\/wp-content\/uploads\/2019\/02\/IMG_4705.JPG?fit=1200%2C900&ssl=1&resize=525%2C300 1.5x, https:\/\/i0.wp.com\/istressporthalterophilie.fr\/wp-content\/uploads\/2019\/02\/IMG_4705.JPG?fit=1200%2C900&ssl=1&resize=700%2C400 2x, https:\/\/i0.wp.com\/istressporthalterophilie.fr\/wp-content\/uploads\/2019\/02\/IMG_4705.JPG?fit=1200%2C900&ssl=1&resize=1050%2C600 3x"},"classes":[]},{"id":1719,"url":"https:\/\/istressporthalterophilie.fr\/index.php\/2017\/02\/01\/2eme-tour-de-la-coupe-de-france\/","url_meta":{"origin":1781,"position":1},"title":"2\u00e8me tour de la Coupe de France &#8211; Equipe mixte","author":"daniel","date":"1 f\u00e9vrier 2017","format":false,"excerpt":"C'est \u00e0 Monteux que s'est d\u00e9roul\u00e9 le 2\u00e8me tour de la coupe de France d'halt\u00e9rophilie samedi 28 et dimanche 29 janvier 2017. Samedi ce sont les \u00e9quipes minimes, cadets et juniors qui se sont rencontr\u00e9es. Pour la ligue PACA : une \u00e9quipe cadette (ASLDD Toulon), une \u00e9quipe cadet (EEAR Monteux)\u2026","rel":"","context":"Dans &quot;Resultats&quot;","block_context":{"text":"Resultats","link":"https:\/\/istressporthalterophilie.fr\/index.php\/category\/resultats\/"},"img":{"alt_text":"","src":"https:\/\/i0.wp.com\/istressporthalterophilie.fr\/wp-content\/uploads\/ngg_featured\/IMG_9282.JPG?fit=1200%2C800&ssl=1&resize=350%2C200","width":350,"height":200,"srcset":"https:\/\/i0.wp.com\/istressporthalterophilie.fr\/wp-content\/uploads\/ngg_featured\/IMG_9282.JPG?fit=1200%2C800&ssl=1&resize=350%2C200 1x, https:\/\/i0.wp.com\/istressporthalterophilie.fr\/wp-content\/uploads\/ngg_featured\/IMG_9282.JPG?fit=1200%2C800&ssl=1&resize=525%2C300 1.5x, https:\/\/i0.wp.com\/istressporthalterophilie.fr\/wp-content\/uploads\/ngg_featured\/IMG_9282.JPG?fit=1200%2C800&ssl=1&resize=700%2C400 2x, https:\/\/i0.wp.com\/istressporthalterophilie.fr\/wp-content\/uploads\/ngg_featured\/IMG_9282.JPG?fit=1200%2C800&ssl=1&resize=1050%2C600 3x"},"classes":[]},{"id":147,"url":"https:\/\/istressporthalterophilie.fr\/index.php\/2007\/03\/29\/les-hommes-en-force\/","url_meta":{"origin":1781,"position":2},"title":"Les hommes en force&#8230;","author":"daniel","date":"29 mars 2007","format":false,"excerpt":"En force athl\u00e9tique, Hammid Jamal a particip\u00e9 au Championnat de France de Force Athl\u00e9tique qui se sont d\u00e9roul\u00e9s \u00e0 Blanquefort les 10 et 11 Mars. En net progr\u00e8s, il bat ses records personnels et termine 5\u00e8me au g\u00e9n\u00e9ral. Ses places dans chaque mouvement (feuille de match en PJ) : 240\u2026","rel":"","context":"Dans &quot;Non class\u00e9&quot;","block_context":{"text":"Non class\u00e9","link":"https:\/\/istressporthalterophilie.fr\/index.php\/category\/non-classe\/"},"img":{"alt_text":"","src":"","width":0,"height":0},"classes":[]},{"id":88,"url":"https:\/\/istressporthalterophilie.fr\/index.php\/2010\/01\/16\/2eme-tour-du-championnat-de-france-des-clubs\/","url_meta":{"origin":1781,"position":3},"title":"2\u00e8me Tour du Championnat de France des Clubs","author":"daniel","date":"16 janvier 2010","format":false,"excerpt":"Samedi 16 janvier 2010 l'\u00e9quipe d'istres masculine s'est d\u00e9place \u00e0 CHARLIEU pour le 2\u00e8me tour du championnat de France des clubs. Lors de cette journ\u00e9e Claux Anthony, Arnaud Gilles, Dellah Belkier, De Barros Daniel et Arquier Francois ont atteint leurs objectifs qui \u00e9tait de depasser les 200 points. Ils r\u00e9alisent\u2026","rel":"","context":"Dans &quot;News&quot;","block_context":{"text":"News","link":"https:\/\/istressporthalterophilie.fr\/index.php\/category\/news\/"},"img":{"alt_text":"","src":"","width":0,"height":0},"classes":[]},{"id":2589,"url":"https:\/\/istressporthalterophilie.fr\/index.php\/2018\/01\/26\/finale-championnat-regional-equipe-2018\/","url_meta":{"origin":1781,"position":4},"title":"Istres remporte la Finale du Championnat R\u00e9gional par \u00e9quipe","author":"Laura Castellani","date":"26 janvier 2018","format":false,"excerpt":"\u00a0 Nous \u00e9tions nombreux \u00e0 nous d\u00e9placer \u00e0 Noves dimanche 21 janvier pour le 4\u00e8me tour (finale) du Championnat R\u00e9gional PACA qui r\u00e9unissait l'ensemble des Clubs de la r\u00e9gion engag\u00e9s dans cette comp\u00e9tition.\u00a0 Notre \u00e9quipe f\u00e9minine d'Istres maintient sa premi\u00e8re place au classement g\u00e9n\u00e9ral (moyenne des 4 tours) et devient\u2026","rel":"","context":"Dans &quot;Resultats&quot;","block_context":{"text":"Resultats","link":"https:\/\/istressporthalterophilie.fr\/index.php\/category\/resultats\/"},"img":{"alt_text":"","src":"https:\/\/i0.wp.com\/istressporthalterophilie.fr\/wp-content\/uploads\/ngg_featured\/IMG_4666.JPG?fit=1200%2C800&ssl=1&resize=350%2C200","width":350,"height":200,"srcset":"https:\/\/i0.wp.com\/istressporthalterophilie.fr\/wp-content\/uploads\/ngg_featured\/IMG_4666.JPG?fit=1200%2C800&ssl=1&resize=350%2C200 1x, https:\/\/i0.wp.com\/istressporthalterophilie.fr\/wp-content\/uploads\/ngg_featured\/IMG_4666.JPG?fit=1200%2C800&ssl=1&resize=525%2C300 1.5x, https:\/\/i0.wp.com\/istressporthalterophilie.fr\/wp-content\/uploads\/ngg_featured\/IMG_4666.JPG?fit=1200%2C800&ssl=1&resize=700%2C400 2x, https:\/\/i0.wp.com\/istressporthalterophilie.fr\/wp-content\/uploads\/ngg_featured\/IMG_4666.JPG?fit=1200%2C800&ssl=1&resize=1050%2C600 3x"},"classes":[]},{"id":2803,"url":"https:\/\/istressporthalterophilie.fr\/index.php\/2018\/03\/14\/championnat-province-paca-eliminatoire\/","url_meta":{"origin":1781,"position":5},"title":"Championnat de Province PACA &#8211; \u00c9liminatoire","author":"Laura Castellani","date":"14 mars 2018","format":false,"excerpt":"Le 3 mars dernier, trois athl\u00e8tes istr\u00e9ens se sont qualifi\u00e9s pour la Finale du Championnat de France \u00c9lite qui se tiendra \u00e0 Obernai (67) du 19 au 21 mai 2018.\u00a0 Un grand bravo \u00e0 Maeva, Fabienne et Anthony !\u00a0 Meilleure performance f\u00e9minine de la journ\u00e9e, Maeva d\u00e9croche sa qualification haut\u2026","rel":"","context":"Dans &quot;Resultats&quot;","block_context":{"text":"Resultats","link":"https:\/\/istressporthalterophilie.fr\/index.php\/category\/resultats\/"},"img":{"alt_text":"","src":"https:\/\/i0.wp.com\/istressporthalterophilie.fr\/wp-content\/uploads\/ngg_featured\/IMG_5324.JPG?fit=1200%2C800&ssl=1&resize=350%2C200","width":350,"height":200,"srcset":"https:\/\/i0.wp.com\/istressporthalterophilie.fr\/wp-content\/uploads\/ngg_featured\/IMG_5324.JPG?fit=1200%2C800&ssl=1&resize=350%2C200 1x, https:\/\/i0.wp.com\/istressporthalterophilie.fr\/wp-content\/uploads\/ngg_featured\/IMG_5324.JPG?fit=1200%2C800&ssl=1&resize=525%2C300 1.5x, https:\/\/i0.wp.com\/istressporthalterophilie.fr\/wp-content\/uploads\/ngg_featured\/IMG_5324.JPG?fit=1200%2C800&ssl=1&resize=700%2C400 2x, https:\/\/i0.wp.com\/istressporthalterophilie.fr\/wp-content\/uploads\/ngg_featured\/IMG_5324.JPG?fit=1200%2C800&ssl=1&resize=1050%2C600 3x"},"classes":[]}],"jetpack_likes_enabled":true,"_links":{"self":[{"href":"https:\/\/istressporthalterophilie.fr\/index.php\/wp-json\/wp\/v2\/posts\/1781","targetHints":{"allow":["GET"]}}],"collection":[{"href":"https:\/\/istressporthalterophilie.fr\/index.php\/wp-json\/wp\/v2\/posts"}],"about":[{"href":"https:\/\/istressporthalterophilie.fr\/index.php\/wp-json\/wp\/v2\/types\/post"}],"author":[{"embeddable":true,"href":"https:\/\/istressporthalterophilie.fr\/index.php\/wp-json\/wp\/v2\/users\/3"}],"replies":[{"embeddable":true,"href":"https:\/\/istressporthalterophilie.fr\/index.php\/wp-json\/wp\/v2\/comments?post=1781"}],"version-history":[{"count":8,"href":"https:\/\/istressporthalterophilie.fr\/index.php\/wp-json\/wp\/v2\/posts\/1781\/revisions"}],"predecessor-version":[{"id":1876,"href":"https:\/\/istressporthalterophilie.fr\/index.php\/wp-json\/wp\/v2\/posts\/1781\/revisions\/1876"}],"wp:featuredmedia":[{"embeddable":true,"href":"https:\/\/istressporthalterophilie.fr\/index.php\/wp-json\/wp\/v2\/media\/1875"}],"wp:attachment":[{"href":"https:\/\/istressporthalterophilie.fr\/index.php\/wp-json\/wp\/v2\/media?parent=1781"}],"wp:term":[{"taxonomy":"category","embeddable":true,"href":"https:\/\/istressporthalterophilie.fr\/index.php\/wp-json\/wp\/v2\/categories?post=1781"},{"taxonomy":"post_tag","embeddable":true,"href":"https:\/\/istressporthalterophilie.fr\/index.php\/wp-json\/wp\/v2\/tags?post=1781"}],"curies":[{"name":"wp","href":"https:\/\/api.w.org\/{rel}","templated":true}]}}