{"id":1793,"date":"2017-03-17T00:00:50","date_gmt":"2017-03-16T23:00:50","guid":{"rendered":"http:\/\/istressporthalterophilie.fr\/?p=1793"},"modified":"2017-04-19T15:51:24","modified_gmt":"2017-04-19T14:51:24","slug":"championnat-regional-paca-istres","status":"publish","type":"post","link":"https:\/\/istressporthalterophilie.fr\/index.php\/2017\/03\/17\/championnat-regional-paca-istres\/","title":{"rendered":"Championnat R\u00e9gional PACA \u00e0 Istres"},"content":{"rendered":"<p><img data-recalc-dims=\"1\" loading=\"lazy\" decoding=\"async\" class=\"ngg-singlepic ngg-left alignleft\" src=\"https:\/\/i0.wp.com\/istressporthalterophilie.fr\/wp-content\/gallery\/2017-03-11-championnat-paca\/IMG_0657.JPG?resize=359%2C239\" alt=\"IMG_0657\" width=\"359\" height=\"239\" \/><\/p>\n<p>Ce week-end, les 11 et 12 mars 2017, s&rsquo;est d\u00e9roul\u00e9 \u00e0 Istres le 1er Championnat r\u00e9gional Provence &#8211; Alpes &#8211; C\u00f4te d&rsquo;Azur d&rsquo;Halt\u00e9rophilie, suite \u00e0 la fusion r\u00e9cente entre les Comit\u00e9s de Provence et de C\u00f4te d\u2019Azur.<\/p>\n<p>C&rsquo;est au gymnase des Heures Claires, l\u00e0 o\u00f9 s&rsquo;entra\u00eenent nos athl\u00e8tes d&rsquo;Istres Sport Halt\u00e9rophilie, que nous avons eu la chance d&rsquo;organiser cet \u00e9v\u00e9nement qui a rassembl\u00e9 plus de 100 participants venus des diff\u00e9rents clubs de la zone Sud-Est de la France.<\/p>\n<p>Nous remercions vivement l&rsquo;ensemble des b\u00e9n\u00e9voles, la <a class=\"profileLink\" href=\"https:\/\/www.facebook.com\/villedistres\/\" data-hovercard=\"\/ajax\/hovercard\/page.php?id=172216749495937\" data-hovercard-prefer-more-content-show=\"1\">Ville d&rsquo;Istres<\/a> pour son soutien ainsi que tous nos partenaires pour leur confiance (<a class=\"profileLink\" href=\"https:\/\/www.facebook.com\/sport2000istres\/\" data-hovercard=\"\/ajax\/hovercard\/page.php?id=306643849402260\" data-hovercard-prefer-more-content-show=\"1\">Sport 2000 Istres<\/a>, <a class=\"profileLink\" href=\"https:\/\/www.facebook.com\/GiFi.Officiel\/\" data-hovercard=\"\/ajax\/hovercard\/page.php?id=102098553191670\" data-hovercard-prefer-more-content-show=\"1\">GiFi<\/a>, <a class=\"profileLink\" href=\"https:\/\/www.facebook.com\/ange.boulangerie\/\" data-hovercard=\"\/ajax\/hovercard\/page.php?id=133391106748209\" data-hovercard-prefer-more-content-show=\"1\">Boulangerie Ange<\/a>, <a class=\"profileLink\" href=\"https:\/\/www.facebook.com\/lapaleobox.fr\/\" data-hovercard=\"\/ajax\/hovercard\/page.php?id=366738390155694\" data-hovercard-prefer-more-content-show=\"1\">La Pal\u00e9oBox<\/a>, Design Bois Provence). Bien s\u00fbr, merci \u00e0 tous les athl\u00e8tes et officiels de la comp\u00e9tition qui ont fait de ces deux jours un grand \u00e9v\u00e9nement !<\/p>\n<p>&nbsp;<\/p>\n<p>Revenons sur le programme de la comp\u00e9tition et ses r\u00e9sultats.<\/p>\n<p>7 plateaux se sont encha\u00een\u00e9s sur les 2 jours :<\/p>\n<ul>\n<li>Samedi 11 mars :<\/li>\n<\/ul>\n<p>Plateau 1 : Minimes Filles &amp; Gar\u00e7ons<\/p>\n<p>Plateau 2 :\u00a0S\u00e9niors Hommes, cat\u00e9gories -62 \/ -69 \/ -77 kg<\/p>\n<p>Plateau 3 :\u00a0S\u00e9niors Femmes, cat\u00e9gories -48 \/ -53 \/ -58 kg<\/p>\n<p>Plateau 4 : S\u00e9niors Femmes, cat\u00e9gories\u00a0-63 \/ -69 \/ -75 \/ +75 kg<\/p>\n<ul>\n<li>Dimanche 12 mars :<\/li>\n<\/ul>\n<p>Plateau 5 : Cadettes &amp; Juniors Femmes<\/p>\n<p>Plateau 6 : Cadets &amp; Juniors Hommes<\/p>\n<p>Plateau 7 : S\u00e9niors\u00a0Hommes, cat\u00e9gories\u00a0-85 \/ -94 \/ -105 \/ +105 kg<\/p>\n<p>&nbsp;<\/p>\n<p>Parmi les membres du club Istres Sport, 5 de nos athl\u00e8tes, de niveau r\u00e9gional et plus, ont concouru :<\/p>\n<p>Fabio De Barros, minime<\/p>\n<p>Laura Castellani, s\u00e9nior -58 kg<\/p>\n<p>Fabienne Conde, s\u00e9nior -63 kg<\/p>\n<p>Daniel De Barros, s\u00e9nior -77 kg<\/p>\n<p>Clara De Barros, cadette 1 -53 kg<\/p>\n<p>Anthony Claux, bless\u00e9 au coude, n&rsquo;a malheureusement pas pu participer. Il d\u00e9croche cependant son dipl\u00f4me d&rsquo;arbitre national !<\/p>\n<p>&nbsp;<\/p>\n<p>C\u00f4t\u00e9 r\u00e9sultats, Fabio termine 1er en validant 40 kg \u00e0 l&rsquo;arrach\u00e9 et 50 kg \u00e0 l&rsquo;\u00e9paul\u00e9-jet\u00e9. Et il en a encore sous le pied !<\/p>\n<p><a href=\"https:\/\/i0.wp.com\/istressporthalterophilie.fr\/wp-content\/uploads\/2017\/03\/podium-clara.jpg\"><img data-recalc-dims=\"1\" loading=\"lazy\" decoding=\"async\" data-attachment-id=\"1796\" data-permalink=\"https:\/\/istressporthalterophilie.fr\/index.php\/2017\/03\/17\/championnat-regional-paca-istres\/podium-clara\/#main\" data-orig-file=\"https:\/\/i0.wp.com\/istressporthalterophilie.fr\/wp-content\/uploads\/2017\/03\/podium-clara.jpg?fit=2048%2C1365&amp;ssl=1\" data-orig-size=\"2048,1365\" data-comments-opened=\"0\" data-image-meta=\"{&quot;aperture&quot;:&quot;0&quot;,&quot;credit&quot;:&quot;&quot;,&quot;camera&quot;:&quot;&quot;,&quot;caption&quot;:&quot;&quot;,&quot;created_timestamp&quot;:&quot;0&quot;,&quot;copyright&quot;:&quot;&quot;,&quot;focal_length&quot;:&quot;0&quot;,&quot;iso&quot;:&quot;0&quot;,&quot;shutter_speed&quot;:&quot;0&quot;,&quot;title&quot;:&quot;&quot;,&quot;orientation&quot;:&quot;0&quot;}\" data-image-title=\"podium-clara\" data-image-description=\"\" data-image-caption=\"\" data-large-file=\"https:\/\/i0.wp.com\/istressporthalterophilie.fr\/wp-content\/uploads\/2017\/03\/podium-clara.jpg?fit=1024%2C683&amp;ssl=1\" class=\"size-medium wp-image-1796 alignright\" src=\"https:\/\/i0.wp.com\/istressporthalterophilie.fr\/wp-content\/uploads\/2017\/03\/podium-clara.jpg?resize=300%2C200\" alt=\"\" width=\"300\" height=\"200\" srcset=\"https:\/\/i0.wp.com\/istressporthalterophilie.fr\/wp-content\/uploads\/2017\/03\/podium-clara.jpg?resize=300%2C200&amp;ssl=1 300w, https:\/\/i0.wp.com\/istressporthalterophilie.fr\/wp-content\/uploads\/2017\/03\/podium-clara.jpg?resize=768%2C512&amp;ssl=1 768w, https:\/\/i0.wp.com\/istressporthalterophilie.fr\/wp-content\/uploads\/2017\/03\/podium-clara.jpg?resize=1024%2C683&amp;ssl=1 1024w, https:\/\/i0.wp.com\/istressporthalterophilie.fr\/wp-content\/uploads\/2017\/03\/podium-clara.jpg?resize=960%2C640&amp;ssl=1 960w, https:\/\/i0.wp.com\/istressporthalterophilie.fr\/wp-content\/uploads\/2017\/03\/podium-clara.jpg?resize=480%2C320&amp;ssl=1 480w, https:\/\/i0.wp.com\/istressporthalterophilie.fr\/wp-content\/uploads\/2017\/03\/podium-clara.jpg?resize=320%2C213&amp;ssl=1 320w, https:\/\/i0.wp.com\/istressporthalterophilie.fr\/wp-content\/uploads\/2017\/03\/podium-clara.jpg?resize=240%2C160&amp;ssl=1 240w, https:\/\/i0.wp.com\/istressporthalterophilie.fr\/wp-content\/uploads\/2017\/03\/podium-clara.jpg?w=2048&amp;ssl=1 2048w\" sizes=\"auto, (max-width: 300px) 100vw, 300px\" \/><\/a>Laura a r\u00e9alis\u00e9 un sans faute \u00e0 l&rsquo;arrach\u00e9 et valide 53 kg. Elle se contentera de 65 kg sur le 2e mouvement, avec une tentative rat\u00e9e \u00e0 68 kg.<\/p>\n<p>Fabienne totalise 137 kg : elle termine l&rsquo;arrach\u00e9 \u00e0 57 kg, facile !, et r\u00e9alise un bel \u00e9paul\u00e9-jet\u00e9 \u00e0 80 kg. Dommage, le jet\u00e9 \u00e0 82 kg ne passe pas.<\/p>\n<p>Daniel n&rsquo;a, quant \u00e0 lui, pas perform\u00e9 ce jour-l\u00e0 pour cause de douleur au genou. Il a tout de m\u00eame souhait\u00e9 participer \u00e0 la comp\u00e9tition (pour tester le beau plateau de comp\u00e9tition ;)). Il enregistre 80 kg et 110 kg, ce qui est assez loin de ses records mais non n\u00e9gligeable.<\/p>\n<p>Clara monte sur la premi\u00e8re marche du podium en totalisant 98 kg sur les deux mouvements : 40 kg \u00e0 l&rsquo;arrach\u00e9 (deux \u00e9checs \u00e0 44 kg) et 58 kg \u00e0 l&rsquo;\u00e9paul\u00e9-jet\u00e9 (essai \u00e0 60 kg\u00a0\u00e0 cause d&rsquo;une faute de bras sur le jet\u00e9, mais la prochaine fois \u00e7a passe !).<\/p>\n<p>&nbsp;<\/p>\n<p>L&rsquo;ensemble des membres du club d&rsquo;Istres Sport Halt\u00e9rophilie s&rsquo;est investi pour faire de ce week-end une belle r\u00e9ussite ! Nous sommes fiers d&rsquo;avoir partag\u00e9 ces moments avec les diff\u00e9rents clubs de la r\u00e9gion.<\/p>\n<p>Nous esp\u00e9rons pouvoir organiser tr\u00e8s prochainement une nouvelle rencontre sur le sol istr\u00e9en !<\/p>\nngg_shortcode_0_placeholder\n","protected":false},"excerpt":{"rendered":"<p>Ce week-end, les 11 et 12 mars 2017, s&rsquo;est d\u00e9roul\u00e9 \u00e0 Istres le 1er Championnat r\u00e9gional Provence &#8211; Alpes &#8211; C\u00f4te d&rsquo;Azur d&rsquo;Halt\u00e9rophilie, suite \u00e0 la fusion r\u00e9cente entre les Comit\u00e9s de Provence et de C\u00f4te d\u2019Azur. C&rsquo;est au gymnase des Heures Claires, l\u00e0 o\u00f9 s&rsquo;entra\u00eenent nos athl\u00e8tes d&rsquo;Istres Sport Halt\u00e9rophilie, que nous avons eu<\/p>\n<p><a href=\"https:\/\/istressporthalterophilie.fr\/index.php\/2017\/03\/17\/championnat-regional-paca-istres\/\" class=\"more-link themebutton\">Read More<\/a><\/p>\n","protected":false},"author":3,"featured_media":1878,"comment_status":"open","ping_status":"closed","sticky":false,"template":"","format":"standard","meta":{"ngg_post_thumbnail":0,"jetpack_post_was_ever_published":false,"_jetpack_newsletter_access":"","_jetpack_dont_email_post_to_subs":true,"_jetpack_newsletter_tier_id":0,"_jetpack_memberships_contains_paywalled_content":false,"_jetpack_memberships_contains_paid_content":false,"footnotes":"","jetpack_publicize_message":"Championnat R\u00e9gional PACA \u00e0 Istres","jetpack_publicize_feature_enabled":true,"jetpack_social_post_already_shared":true,"jetpack_social_options":{"image_generator_settings":{"template":"highway","default_image_id":0,"font":"","enabled":false},"version":2}},"categories":[2,3],"tags":[18,28,12,16,29,13],"class_list":["post-1793","post","type-post","status-publish","format-standard","has-post-thumbnail","hentry","category-news","category-resultats","tag-championnat-regional","tag-competition","tag-halterophilie","tag-istres","tag-paca","tag-resultats"],"jetpack_publicize_connections":[],"jetpack_featured_media_url":"https:\/\/i0.wp.com\/istressporthalterophilie.fr\/wp-content\/uploads\/ngg_featured\/IMG_0578.JPG?fit=1600%2C1067&ssl=1","jetpack_sharing_enabled":true,"jetpack_shortlink":"https:\/\/wp.me\/p6VFVS-sV","jetpack-related-posts":[{"id":2161,"url":"https:\/\/istressporthalterophilie.fr\/index.php\/2017\/11\/16\/championnat-regional-equipes-paca-tours1et2\/","url_meta":{"origin":1793,"position":0},"title":"Championnat R\u00e9gional des Clubs PACA &#8211; Journ\u00e9es 1 &#038; 2","author":"Laura Castellani","date":"16 novembre 2017","format":false,"excerpt":"Retour sur les deux premi\u00e8res journ\u00e9es du Championnat des Clubs PACA\u00a0 Cette ann\u00e9e, notre club d'Istres Sport Halt\u00e9rophilie a engag\u00e9 trois \u00e9quipes (une f\u00e9minine et deux masculines) dans le Championnat R\u00e9gional des Clubs de la Ligue PACA.\u00a0 Le Championnat se d\u00e9roule cette ann\u00e9e sur quatre journ\u00e9es : les trois premi\u00e8res\u2026","rel":"","context":"Dans &quot;Resultats&quot;","block_context":{"text":"Resultats","link":"https:\/\/istressporthalterophilie.fr\/index.php\/category\/resultats\/"},"img":{"alt_text":"","src":"https:\/\/i0.wp.com\/istressporthalterophilie.fr\/wp-content\/uploads\/ngg_featured\/IMG_3168.JPG?fit=1200%2C800&ssl=1&resize=350%2C200","width":350,"height":200,"srcset":"https:\/\/i0.wp.com\/istressporthalterophilie.fr\/wp-content\/uploads\/ngg_featured\/IMG_3168.JPG?fit=1200%2C800&ssl=1&resize=350%2C200 1x, https:\/\/i0.wp.com\/istressporthalterophilie.fr\/wp-content\/uploads\/ngg_featured\/IMG_3168.JPG?fit=1200%2C800&ssl=1&resize=525%2C300 1.5x, https:\/\/i0.wp.com\/istressporthalterophilie.fr\/wp-content\/uploads\/ngg_featured\/IMG_3168.JPG?fit=1200%2C800&ssl=1&resize=700%2C400 2x, https:\/\/i0.wp.com\/istressporthalterophilie.fr\/wp-content\/uploads\/ngg_featured\/IMG_3168.JPG?fit=1200%2C800&ssl=1&resize=1050%2C600 3x"},"classes":[]},{"id":2389,"url":"https:\/\/istressporthalterophilie.fr\/index.php\/2018\/01\/10\/championnat-regional-clubs-paca-3e-journee\/","url_meta":{"origin":1793,"position":1},"title":"Championnat R\u00e9gional des Clubs PACA &#8211; 3\u00e8me journ\u00e9e","author":"Laura Castellani","date":"10 janvier 2018","format":false,"excerpt":"\u00a0 \u00a0 \u00a0 \u00a0 \u00a0 Ce samedi 06 janvier nous \u00e9tions \u00e0 Sorgues pour disputer le 3\u00e8me tour du Championnat R\u00e9gional des Clubs du secteur C. Et pour cette premi\u00e8re comp\u00e9tition de l'ann\u00e9e 2018, nous avons vu de belles performances ! Nous d\u00e9plorons n\u00e9anmoins l'absence de\u00a0l'\u00e9quipe masculine de l'HM Ste\u2026","rel":"","context":"Dans &quot;News&quot;","block_context":{"text":"News","link":"https:\/\/istressporthalterophilie.fr\/index.php\/category\/news\/"},"img":{"alt_text":"","src":"https:\/\/i0.wp.com\/istressporthalterophilie.fr\/wp-content\/uploads\/ngg_featured\/IMG_4424.JPG?fit=1200%2C800&ssl=1&resize=350%2C200","width":350,"height":200,"srcset":"https:\/\/i0.wp.com\/istressporthalterophilie.fr\/wp-content\/uploads\/ngg_featured\/IMG_4424.JPG?fit=1200%2C800&ssl=1&resize=350%2C200 1x, https:\/\/i0.wp.com\/istressporthalterophilie.fr\/wp-content\/uploads\/ngg_featured\/IMG_4424.JPG?fit=1200%2C800&ssl=1&resize=525%2C300 1.5x, https:\/\/i0.wp.com\/istressporthalterophilie.fr\/wp-content\/uploads\/ngg_featured\/IMG_4424.JPG?fit=1200%2C800&ssl=1&resize=700%2C400 2x, https:\/\/i0.wp.com\/istressporthalterophilie.fr\/wp-content\/uploads\/ngg_featured\/IMG_4424.JPG?fit=1200%2C800&ssl=1&resize=1050%2C600 3x"},"classes":[]},{"id":3021,"url":"https:\/\/istressporthalterophilie.fr\/index.php\/2019\/02\/14\/final-du-championnat-regional-des-clubs\/","url_meta":{"origin":1793,"position":2},"title":"Final du championnat r\u00e9gional des clubs","author":"daniel","date":"14 f\u00e9vrier 2019","format":false,"excerpt":"Dimanche 10 f\u00e9vrier \u00e0 Menton s\u2019est d\u00e9roul\u00e9e la finale du championnat r\u00e9gional des clubs. Cette comp\u00e9tition vient clore la saison par \u00e9quipes 2018\/2019. La journ\u00e9e a d\u00e9marr\u00e9 avec l\u2019\u00e9quipe fille compos\u00e9e de Clara, Maeva, Fabienne et Genevi\u00e8ve. La blessure de Maeva l\u2019emp\u00eache de valider une barre \u00e0 l\u2019arrach\u00e9 et l\u2019\u00e9quipe\u2026","rel":"","context":"Dans &quot;News&quot;","block_context":{"text":"News","link":"https:\/\/istressporthalterophilie.fr\/index.php\/category\/news\/"},"img":{"alt_text":"","src":"https:\/\/i0.wp.com\/istressporthalterophilie.fr\/wp-content\/uploads\/2019\/02\/IMG_4705.JPG?fit=1200%2C900&ssl=1&resize=350%2C200","width":350,"height":200,"srcset":"https:\/\/i0.wp.com\/istressporthalterophilie.fr\/wp-content\/uploads\/2019\/02\/IMG_4705.JPG?fit=1200%2C900&ssl=1&resize=350%2C200 1x, https:\/\/i0.wp.com\/istressporthalterophilie.fr\/wp-content\/uploads\/2019\/02\/IMG_4705.JPG?fit=1200%2C900&ssl=1&resize=525%2C300 1.5x, https:\/\/i0.wp.com\/istressporthalterophilie.fr\/wp-content\/uploads\/2019\/02\/IMG_4705.JPG?fit=1200%2C900&ssl=1&resize=700%2C400 2x, https:\/\/i0.wp.com\/istressporthalterophilie.fr\/wp-content\/uploads\/2019\/02\/IMG_4705.JPG?fit=1200%2C900&ssl=1&resize=1050%2C600 3x"},"classes":[]},{"id":3990,"url":"https:\/\/istressporthalterophilie.fr\/index.php\/2022\/12\/05\/criterium-national\/","url_meta":{"origin":1793,"position":3},"title":"Crit\u00e9rium National","author":"daniel","date":"5 d\u00e9cembre 2022","format":false,"excerpt":"Retour sur le crit\u00e9rium National qui s'est d\u00e9roul\u00e9 le 04 d\u00e9cembre \u00e0 Aix en Provence. Un seul gar\u00e7on pour 5 f\u00e9minines. Nicolas SAMMUT, membre de l'\u00e9quipe 1 masculine, \u00e9choue \u00e0 trois reprises \u00e0 105 kg ce qui le disqualifie de la comp\u00e9tition. Il ma\u00eetrise n\u00e9anmoins 143 kg \u00e0 l'\u00e9paul\u00e9 jet\u00e9.\u2026","rel":"","context":"Dans &quot;Resultats&quot;","block_context":{"text":"Resultats","link":"https:\/\/istressporthalterophilie.fr\/index.php\/category\/resultats\/"},"img":{"alt_text":"","src":"https:\/\/i0.wp.com\/istressporthalterophilie.fr\/wp-content\/uploads\/2022\/12\/IMG_4931-scaled.jpg?fit=1200%2C900&ssl=1&resize=350%2C200","width":350,"height":200,"srcset":"https:\/\/i0.wp.com\/istressporthalterophilie.fr\/wp-content\/uploads\/2022\/12\/IMG_4931-scaled.jpg?fit=1200%2C900&ssl=1&resize=350%2C200 1x, https:\/\/i0.wp.com\/istressporthalterophilie.fr\/wp-content\/uploads\/2022\/12\/IMG_4931-scaled.jpg?fit=1200%2C900&ssl=1&resize=525%2C300 1.5x, https:\/\/i0.wp.com\/istressporthalterophilie.fr\/wp-content\/uploads\/2022\/12\/IMG_4931-scaled.jpg?fit=1200%2C900&ssl=1&resize=700%2C400 2x, https:\/\/i0.wp.com\/istressporthalterophilie.fr\/wp-content\/uploads\/2022\/12\/IMG_4931-scaled.jpg?fit=1200%2C900&ssl=1&resize=1050%2C600 3x"},"classes":[]},{"id":1407,"url":"https:\/\/istressporthalterophilie.fr\/index.php\/2016\/10\/30\/1er-tour-regional-par-equipe\/","url_meta":{"origin":1793,"position":4},"title":"1er tour Championnat R\u00e9gional par \u00e9quipe","author":"daniel","date":"30 octobre 2016","format":false,"excerpt":"Le club d\u2019Istres Sport Halt\u00e9rophilie s\u2019est d\u00e9plac\u00e9 ce samedi 29 octobre 2016 \u00e0 Monteux (Vaucluse) pour le 1er tour r\u00e9gional par \u00e9quipe f\u00e9minin et masculin. Sur le plateau f\u00e9minin, qui a ouvert la comp\u00e9tition \u00e0 14h30, se sont affront\u00e9s les clubs de l\u2019EEAR Monteux (club organisateur), le club avignonnais Team\u2026","rel":"","context":"Dans &quot;Resultats&quot;","block_context":{"text":"Resultats","link":"https:\/\/istressporthalterophilie.fr\/index.php\/category\/resultats\/"},"img":{"alt_text":"","src":"https:\/\/i0.wp.com\/istressporthalterophilie.fr\/wp-content\/uploads\/ngg_featured\/29102016-_DSC7623.jpg?fit=1200%2C801&ssl=1&resize=350%2C200","width":350,"height":200,"srcset":"https:\/\/i0.wp.com\/istressporthalterophilie.fr\/wp-content\/uploads\/ngg_featured\/29102016-_DSC7623.jpg?fit=1200%2C801&ssl=1&resize=350%2C200 1x, https:\/\/i0.wp.com\/istressporthalterophilie.fr\/wp-content\/uploads\/ngg_featured\/29102016-_DSC7623.jpg?fit=1200%2C801&ssl=1&resize=525%2C300 1.5x, https:\/\/i0.wp.com\/istressporthalterophilie.fr\/wp-content\/uploads\/ngg_featured\/29102016-_DSC7623.jpg?fit=1200%2C801&ssl=1&resize=700%2C400 2x, https:\/\/i0.wp.com\/istressporthalterophilie.fr\/wp-content\/uploads\/ngg_featured\/29102016-_DSC7623.jpg?fit=1200%2C801&ssl=1&resize=1050%2C600 3x"},"classes":[]},{"id":4212,"url":"https:\/\/istressporthalterophilie.fr\/index.php\/2024\/06\/03\/performances-remarquables-pour-istres-sport-halterophilie-aux-championnats-de-france-jeunes\/","url_meta":{"origin":1793,"position":5},"title":"Performances Remarquables pour Istres Sport Halt\u00e9rophilie aux Championnats de France Jeunes","author":"daniel","date":"3 juin 2024","format":false,"excerpt":"Ce week-end, les projecteurs \u00e9taient braqu\u00e9s sur \u00c9vron, o\u00f9 se d\u00e9roulaient les Championnats de France Jeunes d'halt\u00e9rophilie. Parmi les comp\u00e9titeurs venus de tout le pays, quatre athl\u00e8tes d'Istres Sport Halt\u00e9rophilie ont tir\u00e9 pour leur derni\u00e8re comp\u00e9tition de la saison. Floriane Yaya a r\u00e9alis\u00e9 une performance solide. Avec un arrach\u00e9 \u00e0\u2026","rel":"","context":"Dans &quot;Resultats&quot;","block_context":{"text":"Resultats","link":"https:\/\/istressporthalterophilie.fr\/index.php\/category\/resultats\/"},"img":{"alt_text":"","src":"https:\/\/i0.wp.com\/istressporthalterophilie.fr\/wp-content\/uploads\/2024\/06\/IMG_0981-scaled.jpg?fit=800%2C1200&ssl=1&resize=350%2C200","width":350,"height":200,"srcset":"https:\/\/i0.wp.com\/istressporthalterophilie.fr\/wp-content\/uploads\/2024\/06\/IMG_0981-scaled.jpg?fit=800%2C1200&ssl=1&resize=350%2C200 1x, https:\/\/i0.wp.com\/istressporthalterophilie.fr\/wp-content\/uploads\/2024\/06\/IMG_0981-scaled.jpg?fit=800%2C1200&ssl=1&resize=525%2C300 1.5x, https:\/\/i0.wp.com\/istressporthalterophilie.fr\/wp-content\/uploads\/2024\/06\/IMG_0981-scaled.jpg?fit=800%2C1200&ssl=1&resize=700%2C400 2x"},"classes":[]}],"jetpack_likes_enabled":true,"_links":{"self":[{"href":"https:\/\/istressporthalterophilie.fr\/index.php\/wp-json\/wp\/v2\/posts\/1793","targetHints":{"allow":["GET"]}}],"collection":[{"href":"https:\/\/istressporthalterophilie.fr\/index.php\/wp-json\/wp\/v2\/posts"}],"about":[{"href":"https:\/\/istressporthalterophilie.fr\/index.php\/wp-json\/wp\/v2\/types\/post"}],"author":[{"embeddable":true,"href":"https:\/\/istressporthalterophilie.fr\/index.php\/wp-json\/wp\/v2\/users\/3"}],"replies":[{"embeddable":true,"href":"https:\/\/istressporthalterophilie.fr\/index.php\/wp-json\/wp\/v2\/comments?post=1793"}],"version-history":[{"count":13,"href":"https:\/\/istressporthalterophilie.fr\/index.php\/wp-json\/wp\/v2\/posts\/1793\/revisions"}],"predecessor-version":[{"id":1927,"href":"https:\/\/istressporthalterophilie.fr\/index.php\/wp-json\/wp\/v2\/posts\/1793\/revisions\/1927"}],"wp:featuredmedia":[{"embeddable":true,"href":"https:\/\/istressporthalterophilie.fr\/index.php\/wp-json\/wp\/v2\/media\/1878"}],"wp:attachment":[{"href":"https:\/\/istressporthalterophilie.fr\/index.php\/wp-json\/wp\/v2\/media?parent=1793"}],"wp:term":[{"taxonomy":"category","embeddable":true,"href":"https:\/\/istressporthalterophilie.fr\/index.php\/wp-json\/wp\/v2\/categories?post=1793"},{"taxonomy":"post_tag","embeddable":true,"href":"https:\/\/istressporthalterophilie.fr\/index.php\/wp-json\/wp\/v2\/tags?post=1793"}],"curies":[{"name":"wp","href":"https:\/\/api.w.org\/{rel}","templated":true}]}}